{"id":1549,"date":"2022-12-14T17:47:00","date_gmt":"2022-12-14T17:47:00","guid":{"rendered":"http:\/\/downcadiz.com\/category\/blog\/?p=1549"},"modified":"2023-02-15T16:48:39","modified_gmt":"2023-02-15T16:48:39","slug":"calendario-2023-downcadizenaccion","status":"publish","type":"post","link":"http:\/\/downcadiz.com\/category\/blog\/calendario-2023-downcadizenaccion\/","title":{"rendered":"CALENDARIO 2023 #DOWNC\u00c1DIZENACCI\u00d3N"},"content":{"rendered":"\n<p>Este a\u00f1o hemos dedicado el calendario a nuestro objetivo principal, mejorar la calidad de vida de personas con SD y otras DIs y en cada mes hemos querido explicar algunas de las palabras que m\u00e1s usamos en nuestro trabajo diario acompa\u00f1ando los distintos hashtags #desarrollopersonal, #AT, #creamosinclusi\u00f3n, #herramientasdigitales, #empleoconapoyo, #educaci\u00f3ninclusiva, #apoyopsicosocial, #entrenamientocognitivo&#8230; con\u00a0su definici\u00f3n. Como siempre tenemos como protagonistas de las fotos a nuestros\/as usuarios\/as llevando a cabo los distintos programas que se llevan a cabo en la entidad.<\/p>\n\n\n\n<figure class=\"wp-block-image size-large\"><a href=\"http:\/\/downcadiz.com\/wp-content\/uploads\/2023\/02\/01-portada-scaled.jpg\"><img decoding=\"async\" loading=\"lazy\" width=\"1024\" height=\"730\" src=\"http:\/\/downcadiz.com\/wp-content\/uploads\/2023\/02\/01-portada-1024x730.jpg\" alt=\"\" class=\"wp-image-1550\" srcset=\"http:\/\/downcadiz.com\/wp-content\/uploads\/2023\/02\/01-portada-1024x730.jpg 1024w, http:\/\/downcadiz.com\/wp-content\/uploads\/2023\/02\/01-portada-300x214.jpg 300w, http:\/\/downcadiz.com\/wp-content\/uploads\/2023\/02\/01-portada-768x547.jpg 768w, http:\/\/downcadiz.com\/wp-content\/uploads\/2023\/02\/01-portada-1536x1095.jpg 1536w, http:\/\/downcadiz.com\/wp-content\/uploads\/2023\/02\/01-portada-2048x1460.jpg 2048w\" sizes=\"(max-width: 767px) 89vw, (max-width: 1000px) 54vw, (max-width: 1071px) 543px, 580px\" \/><\/a><\/figure>\n","protected":false},"excerpt":{"rendered":"<p>Este a\u00f1o hemos dedicado el calendario a nuestro objetivo principal, mejorar la calidad de vida de personas con SD y otras DIs y en cada mes hemos querido explicar algunas de las palabras que m\u00e1s usamos en nuestro trabajo diario acompa\u00f1ando los distintos hashtags #desarrollopersonal, #AT, #creamosinclusi\u00f3n, #herramientasdigitales, #empleoconapoyo, #educaci\u00f3ninclusiva, #apoyopsicosocial, #entrenamientocognitivo&#8230; con\u00a0su definici\u00f3n. Como &hellip; <\/p>\n<p class=\"link-more\"><a href=\"http:\/\/downcadiz.com\/category\/blog\/calendario-2023-downcadizenaccion\/\" class=\"more-link\">Continuar leyendo<span class=\"screen-reader-text\"> \u00abCALENDARIO 2023 #DOWNC\u00c1DIZENACCI\u00d3N\u00bb<\/span><\/a><\/p>\n","protected":false},"author":3,"featured_media":0,"comment_status":"closed","ping_status":"open","sticky":false,"template":"","format":"standard","meta":[],"categories":[2],"tags":[],"_links":{"self":[{"href":"http:\/\/downcadiz.com\/category\/blog\/wp-json\/wp\/v2\/posts\/1549"}],"collection":[{"href":"http:\/\/downcadiz.com\/category\/blog\/wp-json\/wp\/v2\/posts"}],"about":[{"href":"http:\/\/downcadiz.com\/category\/blog\/wp-json\/wp\/v2\/types\/post"}],"author":[{"embeddable":true,"href":"http:\/\/downcadiz.com\/category\/blog\/wp-json\/wp\/v2\/users\/3"}],"replies":[{"embeddable":true,"href":"http:\/\/downcadiz.com\/category\/blog\/wp-json\/wp\/v2\/comments?post=1549"}],"version-history":[{"count":1,"href":"http:\/\/downcadiz.com\/category\/blog\/wp-json\/wp\/v2\/posts\/1549\/revisions"}],"predecessor-version":[{"id":1551,"href":"http:\/\/downcadiz.com\/category\/blog\/wp-json\/wp\/v2\/posts\/1549\/revisions\/1551"}],"wp:attachment":[{"href":"http:\/\/downcadiz.com\/category\/blog\/wp-json\/wp\/v2\/media?parent=1549"}],"wp:term":[{"taxonomy":"category","embeddable":true,"href":"http:\/\/downcadiz.com\/category\/blog\/wp-json\/wp\/v2\/categories?post=1549"},{"taxonomy":"post_tag","embeddable":true,"href":"http:\/\/downcadiz.com\/category\/blog\/wp-json\/wp\/v2\/tags?post=1549"}],"curies":[{"name":"wp","href":"https:\/\/api.w.org\/{rel}","templated":true}]}}