{"id":1684,"date":"2026-01-26T08:03:00","date_gmt":"2026-01-26T08:03:00","guid":{"rendered":"http:\/\/downcadiz.com\/category\/blog\/?p=1684"},"modified":"2026-01-23T08:27:51","modified_gmt":"2026-01-23T08:27:51","slug":"programa-formativo-de-asistente-de-servicio-al-cliente-405-horas","status":"publish","type":"post","link":"http:\/\/downcadiz.com\/category\/blog\/programa-formativo-de-asistente-de-servicio-al-cliente-405-horas\/","title":{"rendered":"PROGRAMA FORMATIVO DE ASISTENTE DE SERVICIO AL CLIENTE (405 horas)"},"content":{"rendered":"\n<p class=\"has-text-align-center has-vivid-red-color has-text-color\"> <strong>Convocatoria de ayudas econ\u00f3micas de selecci\u00f3n de operaciones para el refuerzo de la empleabilidad de personas con discapacidad \u201cUno a Uno\u201d- A\u00f1o 2025-2026<\/strong><\/p>\n\n\n\n<p class=\"has-text-align-center has-vivid-cyan-blue-color has-text-color\"><strong>Programa Estatal FSE+ de Inclusi\u00f3n Social 2021-2027<\/strong><\/p>\n\n\n\n<figure class=\"wp-block-image size-large\"><a href=\"http:\/\/downcadiz.com\/wp-content\/uploads\/2026\/01\/03._Logo_F.ONCE_unoauno_0.png\"><img decoding=\"async\" loading=\"lazy\" width=\"1024\" height=\"209\" src=\"http:\/\/downcadiz.com\/wp-content\/uploads\/2026\/01\/03._Logo_F.ONCE_unoauno_0-1024x209.png\" alt=\"\" class=\"wp-image-1687\" srcset=\"http:\/\/downcadiz.com\/wp-content\/uploads\/2026\/01\/03._Logo_F.ONCE_unoauno_0-1024x209.png 1024w, http:\/\/downcadiz.com\/wp-content\/uploads\/2026\/01\/03._Logo_F.ONCE_unoauno_0-300x61.png 300w, http:\/\/downcadiz.com\/wp-content\/uploads\/2026\/01\/03._Logo_F.ONCE_unoauno_0-768x157.png 768w, http:\/\/downcadiz.com\/wp-content\/uploads\/2026\/01\/03._Logo_F.ONCE_unoauno_0-1536x313.png 1536w, http:\/\/downcadiz.com\/wp-content\/uploads\/2026\/01\/03._Logo_F.ONCE_unoauno_0.png 1985w\" sizes=\"(max-width: 767px) 89vw, (max-width: 1000px) 54vw, (max-width: 1071px) 543px, 580px\" \/><\/a><\/figure>\n\n\n\n<figure class=\"is-layout-flex wp-block-gallery-1 wp-block-gallery has-nested-images columns-default is-cropped\">\n<figure class=\"wp-block-image size-large\"><a href=\"http:\/\/downcadiz.com\/wp-content\/uploads\/2026\/01\/04._Logo_FSE_HorizontalRGB_POS_0.png\"><img decoding=\"async\" loading=\"lazy\" width=\"1024\" height=\"248\" data-id=\"1685\"  src=\"http:\/\/downcadiz.com\/wp-content\/uploads\/2026\/01\/04._Logo_FSE_HorizontalRGB_POS_0-1024x248.png\" alt=\"\" class=\"wp-image-1685\" srcset=\"http:\/\/downcadiz.com\/wp-content\/uploads\/2026\/01\/04._Logo_FSE_HorizontalRGB_POS_0-1024x248.png 1024w, http:\/\/downcadiz.com\/wp-content\/uploads\/2026\/01\/04._Logo_FSE_HorizontalRGB_POS_0-300x73.png 300w, http:\/\/downcadiz.com\/wp-content\/uploads\/2026\/01\/04._Logo_FSE_HorizontalRGB_POS_0-768x186.png 768w, http:\/\/downcadiz.com\/wp-content\/uploads\/2026\/01\/04._Logo_FSE_HorizontalRGB_POS_0-1536x371.png 1536w, http:\/\/downcadiz.com\/wp-content\/uploads\/2026\/01\/04._Logo_FSE_HorizontalRGB_POS_0-2048x495.png 2048w\" sizes=\"(max-width: 767px) 89vw, (max-width: 1000px) 54vw, (max-width: 1071px) 543px, 580px\" \/><\/a><\/figure>\n<\/figure>\n\n\n\n<p>Hoy lunes 26 de enero de 2026 damos comienzo un nuevo programa formativo de <strong>Asistente de Servicio al Cliente<\/strong>. Un grupo de 5 alumnos y 5 alumnas tendr\u00e1n la oportunidad de formarse en el \u00e1rea de la atenci\u00f3n al cliente.<\/p>\n\n\n\n<p>Esta formaci\u00f3n est\u00e1 compuesta por una primera parte te\u00f3rica de 230 horas y otra parte de formaci\u00f3n en puesto de trabajo de 175 horas.<\/p>\n\n\n\n<p>Los distintos temas que trabajaremos ser\u00e1n:<\/p>\n\n\n\n<figure class=\"wp-block-table\"><table><tbody><tr><td><strong>1. HABILIDADES PERSONALES Y SOCIALES PARA EL TRABAJO<\/strong><\/td><\/tr><tr><td><strong>2. LA COMUNICACI\u00d3N. FASES EN LA ATENCI\u00d3N AL CLIENTE<\/strong><\/td><\/tr><tr><td><strong>3. IMPORTANCIA Y CALIDAD EN LA ATENCI\u00d3N AL CLIENTE<\/strong><\/td><\/tr><tr><td><strong>4. ATENCI\u00d3N DE QUEJAS Y RECLAMACIONES<\/strong><\/td><\/tr><tr><td><strong>5. HERRAMIENTAS DIGITALES B\u00c1SICAS DE ATENCI\u00d3N AL CLIENTE.<\/strong><\/td><\/tr><tr><td><strong>6. TAREAS B\u00c1SICAS DE SERVICIO AL CLIENTE<\/strong><\/td><\/tr><tr><td><strong>7. ATENCI\u00d3N AL CLIENTE CON PERSPECTIVA DE G\u00c9NERO<\/strong><\/td><\/tr><tr><td><strong>8. PREVENCI\u00d3N DE RIESGOS LABORALES Y SEGURIDAD<\/strong><\/td><\/tr><\/tbody><\/table><\/figure>\n\n\n\n<p>Este plan de trabajo sigue unos objetivos que consideramos fundamentales para nuestro colectivo y que pretendemos conseguir gracias a esta operaci\u00f3n.<\/p>\n\n\n\n<p class=\"has-text-align-center\"><br>OBJETIVO GENERAL:<br>Facilitar la inclusi\u00f3n laboral de las personas con discapacidad intelectual y S\u00edndrome Down, potenciando su autonom\u00eda y participaci\u00f3n activa en la sociedad, as\u00ed como favoreciendo positivamente su calidad de vida y autoestima gracias a una mejora de su empleabilidad mediante la adquisici\u00f3n de una serie de habilidades, aptitudes y competencias necesarias y una formaci\u00f3n laboral actualizada con la premisa de ampliar y reciclar sus conocimientos<br><\/p>\n\n\n\n<p class=\"has-text-align-center\">OBJETIVOS ESPEC\u00cdFICOS:<br>Desarrollar las habilidades b\u00e1sicas de autonom\u00eda y laborales para el perfil seleccionado; mejorar la comunicaci\u00f3n, interacci\u00f3n y resoluci\u00f3n de problemas; fomentar la toma de decisiones; enriquecer el proceso de ense\u00f1anza y aprendizaje con el uso alterno de recursos y m\u00e9todos complementarios, tecnol\u00f3gicos y tradicionales; aumentar la autoestima y la autoconfianza de los participantes; facilitar la inserci\u00f3n en el mercado laboral; promover la igualdad de oportunidades de acceso laboral; sensibilizar a las empresas y a la sociedad sobre la inclusi\u00f3n; apoyar la adaptaci\u00f3n del puesto de trabajo; ofrecer orientaci\u00f3n e informaci\u00f3n a las familias sobre el proceso formativo; promover la participaci\u00f3n de las familias en el proceso de la formaci\u00f3n.<\/p>\n","protected":false},"excerpt":{"rendered":"<p>Convocatoria de ayudas econ\u00f3micas de selecci\u00f3n de operaciones para el refuerzo de la empleabilidad de personas con discapacidad \u201cUno a Uno\u201d- A\u00f1o 2025-2026 Programa Estatal FSE+ de Inclusi\u00f3n Social 2021-2027 Hoy lunes 26 de enero de 2026 damos comienzo un nuevo programa formativo de Asistente de Servicio al Cliente. Un grupo de 5 alumnos y &hellip; <\/p>\n<p class=\"link-more\"><a href=\"http:\/\/downcadiz.com\/category\/blog\/programa-formativo-de-asistente-de-servicio-al-cliente-405-horas\/\" class=\"more-link\">Continuar leyendo<span class=\"screen-reader-text\"> \u00abPROGRAMA FORMATIVO DE ASISTENTE DE SERVICIO AL CLIENTE (405 horas)\u00bb<\/span><\/a><\/p>\n","protected":false},"author":3,"featured_media":0,"comment_status":"closed","ping_status":"open","sticky":false,"template":"","format":"standard","meta":[],"categories":[2],"tags":[],"_links":{"self":[{"href":"http:\/\/downcadiz.com\/category\/blog\/wp-json\/wp\/v2\/posts\/1684"}],"collection":[{"href":"http:\/\/downcadiz.com\/category\/blog\/wp-json\/wp\/v2\/posts"}],"about":[{"href":"http:\/\/downcadiz.com\/category\/blog\/wp-json\/wp\/v2\/types\/post"}],"author":[{"embeddable":true,"href":"http:\/\/downcadiz.com\/category\/blog\/wp-json\/wp\/v2\/users\/3"}],"replies":[{"embeddable":true,"href":"http:\/\/downcadiz.com\/category\/blog\/wp-json\/wp\/v2\/comments?post=1684"}],"version-history":[{"count":1,"href":"http:\/\/downcadiz.com\/category\/blog\/wp-json\/wp\/v2\/posts\/1684\/revisions"}],"predecessor-version":[{"id":1688,"href":"http:\/\/downcadiz.com\/category\/blog\/wp-json\/wp\/v2\/posts\/1684\/revisions\/1688"}],"wp:attachment":[{"href":"http:\/\/downcadiz.com\/category\/blog\/wp-json\/wp\/v2\/media?parent=1684"}],"wp:term":[{"taxonomy":"category","embeddable":true,"href":"http:\/\/downcadiz.com\/category\/blog\/wp-json\/wp\/v2\/categories?post=1684"},{"taxonomy":"post_tag","embeddable":true,"href":"http:\/\/downcadiz.com\/category\/blog\/wp-json\/wp\/v2\/tags?post=1684"}],"curies":[{"name":"wp","href":"https:\/\/api.w.org\/{rel}","templated":true}]}}